{"id":1332,"date":"2022-04-28T11:29:05","date_gmt":"2022-04-28T11:29:05","guid":{"rendered":"http:\/\/www.motorbike.com.tr\/?p=1332"},"modified":"2022-04-28T11:29:07","modified_gmt":"2022-04-28T11:29:07","slug":"motosiklet-tutkunlari-ozlem-giderdiler","status":"publish","type":"post","link":"http:\/\/www.motorbike.com.tr\/?p=1332","title":{"rendered":"Motosiklet Tutkunlar\u0131 \u00d6zlem Giderdiler\u2026"},"content":{"rendered":"\n<p>A\u00e7\u0131l\u0131\u015f\u0131n\u0131n daha ilk dakikalar\u0131ndan kapan\u0131\u015f saatine kadar her ya\u015ftan motosiklet ve bisiklet severler i\u00e7in dopdolu bir i\u00e7erik sunan Motobike Istanbul, festival havas\u0131nda ge\u00e7en 4 g\u00fcn boyunca motosiklet \u015fovlar\u0131, yar\u0131\u015fmalar, oyunlar, s\u00f6yle\u015filer ve at\u00f6lyelere ev sahipli\u011fi yapt\u0131.<\/p>\n\n\n\n<figure class=\"wp-block-image size-large\"><a href=\"http:\/\/www.motorbike.com.tr\/wp-content\/uploads\/2022\/04\/Motobike-I\u0307stanbul-2022_2.jpg\"><img loading=\"lazy\" width=\"1024\" height=\"683\" src=\"http:\/\/www.motorbike.com.tr\/wp-content\/uploads\/2022\/04\/Motobike-I\u0307stanbul-2022_2-1024x683.jpg\" alt=\"\" class=\"wp-image-1334\" srcset=\"http:\/\/www.motorbike.com.tr\/wp-content\/uploads\/2022\/04\/Motobike-I\u0307stanbul-2022_2-1024x683.jpg 1024w, http:\/\/www.motorbike.com.tr\/wp-content\/uploads\/2022\/04\/Motobike-I\u0307stanbul-2022_2-300x200.jpg 300w, http:\/\/www.motorbike.com.tr\/wp-content\/uploads\/2022\/04\/Motobike-I\u0307stanbul-2022_2-768x512.jpg 768w, http:\/\/www.motorbike.com.tr\/wp-content\/uploads\/2022\/04\/Motobike-I\u0307stanbul-2022_2-630x420.jpg 630w, http:\/\/www.motorbike.com.tr\/wp-content\/uploads\/2022\/04\/Motobike-I\u0307stanbul-2022_2-640x427.jpg 640w, http:\/\/www.motorbike.com.tr\/wp-content\/uploads\/2022\/04\/Motobike-I\u0307stanbul-2022_2-681x454.jpg 681w, http:\/\/www.motorbike.com.tr\/wp-content\/uploads\/2022\/04\/Motobike-I\u0307stanbul-2022_2.jpg 1200w\" sizes=\"(max-width: 1024px) 100vw, 1024px\" \/><\/a><\/figure>\n\n\n\n<p>T.C. Ula\u015ft\u0131rma ve Altyap\u0131 Bakan\u0131 Sn. Adil Karaismailo\u011flu\u2019nun a\u00e7\u0131l\u0131\u015f t\u00f6reninde \u201cMotorcu Dostu Bariyer\u201d uygulamas\u0131 ve Avrasya T\u00fcneli\u2019nin motosiklet kullan\u0131m\u0131na a\u00e7\u0131lmas\u0131 y\u00f6n\u00fcndeki a\u00e7\u0131klamalar\u0131, motosiklet d\u00fcnyas\u0131nda sevin\u00e7le kar\u015f\u0131land\u0131. Bir motosiklet kullan\u0131c\u0131s\u0131 olan \u0130stanbul Valisi Sn. Ali Yerlikaya da, \u00f6nceki y\u0131llarda oldu\u011fu gibi fuar\u0131 ziyaret etti ve sergilenen modelleri yak\u0131ndan inceledi. Milletvekili ve eski D\u00fcnya Superbike \u015eampiyonu Kenan Sofuo\u011flu, eski bakan K\u00fcr\u015fad T\u00fczmen, oyuncu Yosi Mizrahi, basketbolcu Cedi Osman, \u015fark\u0131c\u0131 Reynmen gibi bir\u00e7ok \u00fcnl\u00fc isim de fuar\u0131n ziyaret\u00e7ileri aras\u0131nda yer ald\u0131.<\/p>\n\n\n\n<figure class=\"wp-block-image size-large\"><a href=\"http:\/\/www.motorbike.com.tr\/wp-content\/uploads\/2022\/04\/Motobike-I\u0307stanbul-2022_3.jpg\"><img loading=\"lazy\" width=\"1024\" height=\"683\" src=\"http:\/\/www.motorbike.com.tr\/wp-content\/uploads\/2022\/04\/Motobike-I\u0307stanbul-2022_3-1024x683.jpg\" alt=\"\" class=\"wp-image-1335\" srcset=\"http:\/\/www.motorbike.com.tr\/wp-content\/uploads\/2022\/04\/Motobike-I\u0307stanbul-2022_3-1024x683.jpg 1024w, http:\/\/www.motorbike.com.tr\/wp-content\/uploads\/2022\/04\/Motobike-I\u0307stanbul-2022_3-300x200.jpg 300w, http:\/\/www.motorbike.com.tr\/wp-content\/uploads\/2022\/04\/Motobike-I\u0307stanbul-2022_3-768x512.jpg 768w, http:\/\/www.motorbike.com.tr\/wp-content\/uploads\/2022\/04\/Motobike-I\u0307stanbul-2022_3-630x420.jpg 630w, http:\/\/www.motorbike.com.tr\/wp-content\/uploads\/2022\/04\/Motobike-I\u0307stanbul-2022_3-640x427.jpg 640w, http:\/\/www.motorbike.com.tr\/wp-content\/uploads\/2022\/04\/Motobike-I\u0307stanbul-2022_3-681x454.jpg 681w, http:\/\/www.motorbike.com.tr\/wp-content\/uploads\/2022\/04\/Motobike-I\u0307stanbul-2022_3.jpg 1200w\" sizes=\"(max-width: 1024px) 100vw, 1024px\" \/><\/a><\/figure>\n\n\n\n<p>Motobike Istanbul 2022 Ana Sponsoru Motul, Platin Sponsor Garanti BBVA, Sigorta Sponsoru Quick Sigorta, Kurye Sponsoru Vigo, \u0130\u00e7ecek Sponsoru Monster Energy ve Radyo Sponsoru Metro FM, fuar\u0131n ba\u015far\u0131s\u0131nda \u00f6nemli birer rol \u00fcstlenirken, fuar alan\u0131ndaki stantlar\u0131nda ziyaret\u00e7ilerle bir araya gelerek \u00fcr\u00fcn ve hizmetlerini t\u00fcm detaylar\u0131yla tan\u0131tma imk\u00e2n\u0131 buldular.<\/p>\n\n\n\n<p>Fuar\u0131 ziyaret etme f\u0131rsat\u0131 bulamayan veya fuarda inceledikleri \u00fcr\u00fcnler hakk\u0131nda daha fazla bilgi almak isteyen motosiklet ve bisiklet tutkunlar\u0131, salon planlar\u0131 ve kat\u0131l\u0131mc\u0131 firma ileti\u015fim bilgilerine Motobike Istanbul resmi internet sitesi \u00fczerindeki dijital fuar katalo\u011fundan ula\u015fabilecekler. Fuar ziyaret\u00e7ileri i\u00e7in \u00f6zel olarak haz\u0131rlanan \u00fccretsiz \u201cMotobike Magazine\u201d e-dergisi de, Motobike Istanbul resmi internet sitesi \u00fczerinden eri\u015fime a\u00e7\u0131k olacak.<\/p>\n","protected":false},"excerpt":{"rendered":"<p>A\u00e7\u0131l\u0131\u015f\u0131n\u0131n daha ilk dakikalar\u0131ndan kapan\u0131\u015f saatine kadar her ya\u015ftan motosiklet ve bisiklet severler i\u00e7in dopdolu bir i\u00e7erik sunan Motobike Istanbul, festival havas\u0131nda ge\u00e7en 4 g\u00fcn boyunca motosiklet \u015fovlar\u0131, yar\u0131\u015fmalar, oyunlar, s\u00f6yle\u015filer ve at\u00f6lyelere ev sahipli\u011fi yapt\u0131. T.C. Ula\u015ft\u0131rma ve Altyap\u0131 Bakan\u0131 Sn. Adil Karaismailo\u011flu\u2019nun a\u00e7\u0131l\u0131\u015f t\u00f6reninde \u201cMotorcu Dostu Bariyer\u201d uygulamas\u0131 ve Avrasya T\u00fcneli\u2019nin motosiklet kullan\u0131m\u0131na [&hellip;]<\/p>\n","protected":false},"author":1,"featured_media":1333,"comment_status":"open","ping_status":"open","sticky":false,"template":"","format":"standard","meta":[],"categories":[21,26],"tags":[],"_links":{"self":[{"href":"http:\/\/www.motorbike.com.tr\/index.php?rest_route=\/wp\/v2\/posts\/1332"}],"collection":[{"href":"http:\/\/www.motorbike.com.tr\/index.php?rest_route=\/wp\/v2\/posts"}],"about":[{"href":"http:\/\/www.motorbike.com.tr\/index.php?rest_route=\/wp\/v2\/types\/post"}],"author":[{"embeddable":true,"href":"http:\/\/www.motorbike.com.tr\/index.php?rest_route=\/wp\/v2\/users\/1"}],"replies":[{"embeddable":true,"href":"http:\/\/www.motorbike.com.tr\/index.php?rest_route=%2Fwp%2Fv2%2Fcomments&post=1332"}],"version-history":[{"count":1,"href":"http:\/\/www.motorbike.com.tr\/index.php?rest_route=\/wp\/v2\/posts\/1332\/revisions"}],"predecessor-version":[{"id":1336,"href":"http:\/\/www.motorbike.com.tr\/index.php?rest_route=\/wp\/v2\/posts\/1332\/revisions\/1336"}],"wp:featuredmedia":[{"embeddable":true,"href":"http:\/\/www.motorbike.com.tr\/index.php?rest_route=\/wp\/v2\/media\/1333"}],"wp:attachment":[{"href":"http:\/\/www.motorbike.com.tr\/index.php?rest_route=%2Fwp%2Fv2%2Fmedia&parent=1332"}],"wp:term":[{"taxonomy":"category","embeddable":true,"href":"http:\/\/www.motorbike.com.tr\/index.php?rest_route=%2Fwp%2Fv2%2Fcategories&post=1332"},{"taxonomy":"post_tag","embeddable":true,"href":"http:\/\/www.motorbike.com.tr\/index.php?rest_route=%2Fwp%2Fv2%2Ftags&post=1332"}],"curies":[{"name":"wp","href":"https:\/\/api.w.org\/{rel}","templated":true}]}}