{"id":1409,"date":"2022-07-20T11:22:00","date_gmt":"2022-07-20T11:22:00","guid":{"rendered":"http:\/\/www.motorbike.com.tr\/?p=1409"},"modified":"2022-07-20T11:28:27","modified_gmt":"2022-07-20T11:28:27","slug":"yamaha-motor-turkiyeye-brandverse-awardstan-odul","status":"publish","type":"post","link":"http:\/\/www.motorbike.com.tr\/?p=1409","title":{"rendered":"Yamaha Motor T\u00fcrkiye\u2019ye Brandverse Awards\u2019tan \u00d6d\u00fcl&#8230;"},"content":{"rendered":"\n<p>T\u00fcm pazarlama, ileti\u015fim ve reklam \u00e7al\u0131\u015fmalar\u0131yla markalar\u0131n d\u00fcnyas\u0131na 360 derece kapsay\u0131c\u0131 bak\u0131\u015f sunan Brandverse Awards\u2019ta bu y\u0131l \u201cSosyal Medya ve Dijital\u201d, \u201cFilm\u201d, \u201cMedya\u201d,\u201dSosyal Sorumluluk ve S\u00fcrd\u00fcr\u00fclebilirlik\u201d, \u201cStrateji\u201d ve \u201cMarka Deneyimi\u201d kategorilerinde markalar de\u011ferlendirmeye al\u0131nd\u0131. Sosyal Medya ve Dijital \u2013 Social Brands Veri Analiti\u011fi\u201d kategorisinde Yamaha Motor sekt\u00f6r kategorisinde G\u00fcm\u00fc\u015f \u00d6d\u00fcle lay\u0131k g\u00f6r\u00fcld\u00fc. Alan\u0131nda tek olan bu \u00f6nemli organizasyondan \u00f6d\u00fclle d\u00f6nen Yamaha Motor T\u00fcrkiye sosyal medya kanallar\u0131nda yenilik\u00e7i, dinamik, kullan\u0131c\u0131lar\u0131 ile interaktif ileti\u015fimde olan, \u00f6zg\u00fcn ve yarat\u0131c\u0131 i\u00e7erikler olu\u015fturan yap\u0131s\u0131yla g\u00f6sterdi\u011fi ba\u015far\u0131s\u0131n\u0131 bu \u00f6d\u00fclle tescillemi\u015f oldu.<\/p>\n\n\n\n<p>Pazarlama ileti\u015fimi faaliyetlerinin her alan\u0131nda oldu\u011fu gibi sosyal medya alan\u0131nda da iddias\u0131n\u0131 koruyan Yamaha Motor T\u00fcrkiye m\u00fc\u015fteri merkezli ileti\u015fim y\u00fcr\u00fcterek t\u00fcm \u00e7al\u0131\u015fmalar\u0131n\u0131n ve hizmetlerinin oda\u011f\u0131na yerle\u015ftiriyor.Yamaha Motor T\u00fcrkiye sosyal medya kanallar\u0131n\u0131 kullan\u0131c\u0131lar\u0131 ve takip\u00e7ileri ile &nbsp;anl\u0131k ileti\u015fim kuruyor ve onlar\u0131n fikir ve tepkilerini an\u0131nda al\u0131p \u00f6l\u00e7erek de\u011ferlendirmeye al\u0131yor. \u00dcr\u00fcn, hizmet, sosyal sorumluluk ve yar\u0131\u015f ileti\u015fimine y\u00f6nelik nitelikli ve bilgilendirici i\u00e7erikler ile Yamaha Motor T\u00fcrkiye &nbsp;dijital alanda aktif olarak yer al\u0131yor.<\/p>\n","protected":false},"excerpt":{"rendered":"<p>T\u00fcm pazarlama, ileti\u015fim ve reklam \u00e7al\u0131\u015fmalar\u0131yla markalar\u0131n d\u00fcnyas\u0131na 360 derece kapsay\u0131c\u0131 bak\u0131\u015f sunan Brandverse Awards\u2019ta bu y\u0131l \u201cSosyal Medya ve Dijital\u201d, \u201cFilm\u201d, \u201cMedya\u201d,\u201dSosyal Sorumluluk ve S\u00fcrd\u00fcr\u00fclebilirlik\u201d, \u201cStrateji\u201d ve \u201cMarka Deneyimi\u201d kategorilerinde markalar de\u011ferlendirmeye al\u0131nd\u0131. Sosyal Medya ve Dijital \u2013 Social Brands Veri Analiti\u011fi\u201d kategorisinde Yamaha Motor sekt\u00f6r kategorisinde G\u00fcm\u00fc\u015f \u00d6d\u00fcle lay\u0131k g\u00f6r\u00fcld\u00fc. Alan\u0131nda tek olan [&hellip;]<\/p>\n","protected":false},"author":1,"featured_media":1410,"comment_status":"open","ping_status":"open","sticky":false,"template":"","format":"standard","meta":[],"categories":[21,26],"tags":[],"_links":{"self":[{"href":"http:\/\/www.motorbike.com.tr\/index.php?rest_route=\/wp\/v2\/posts\/1409"}],"collection":[{"href":"http:\/\/www.motorbike.com.tr\/index.php?rest_route=\/wp\/v2\/posts"}],"about":[{"href":"http:\/\/www.motorbike.com.tr\/index.php?rest_route=\/wp\/v2\/types\/post"}],"author":[{"embeddable":true,"href":"http:\/\/www.motorbike.com.tr\/index.php?rest_route=\/wp\/v2\/users\/1"}],"replies":[{"embeddable":true,"href":"http:\/\/www.motorbike.com.tr\/index.php?rest_route=%2Fwp%2Fv2%2Fcomments&post=1409"}],"version-history":[{"count":1,"href":"http:\/\/www.motorbike.com.tr\/index.php?rest_route=\/wp\/v2\/posts\/1409\/revisions"}],"predecessor-version":[{"id":1411,"href":"http:\/\/www.motorbike.com.tr\/index.php?rest_route=\/wp\/v2\/posts\/1409\/revisions\/1411"}],"wp:featuredmedia":[{"embeddable":true,"href":"http:\/\/www.motorbike.com.tr\/index.php?rest_route=\/wp\/v2\/media\/1410"}],"wp:attachment":[{"href":"http:\/\/www.motorbike.com.tr\/index.php?rest_route=%2Fwp%2Fv2%2Fmedia&parent=1409"}],"wp:term":[{"taxonomy":"category","embeddable":true,"href":"http:\/\/www.motorbike.com.tr\/index.php?rest_route=%2Fwp%2Fv2%2Fcategories&post=1409"},{"taxonomy":"post_tag","embeddable":true,"href":"http:\/\/www.motorbike.com.tr\/index.php?rest_route=%2Fwp%2Fv2%2Ftags&post=1409"}],"curies":[{"name":"wp","href":"https:\/\/api.w.org\/{rel}","templated":true}]}}