{"id":1527,"date":"2022-10-25T16:28:25","date_gmt":"2022-10-25T16:28:25","guid":{"rendered":"http:\/\/www.motorbike.com.tr\/?p=1527"},"modified":"2022-10-25T16:29:57","modified_gmt":"2022-10-25T16:29:57","slug":"dogan-trend-otomotiv-kymcoda-buyumeyi-2ye-katlayacak","status":"publish","type":"post","link":"http:\/\/www.motorbike.com.tr\/?p=1527","title":{"rendered":"Do\u011fan Trend Otomotiv, KYMCO\u2019da B\u00fcy\u00fcmeyi 2\u2019ye Katlayacak&#8230;"},"content":{"rendered":"\n<p>Do\u011fan Holding \u00e7at\u0131s\u0131 alt\u0131nda otomotiv ve mobilite alan\u0131ndaki yat\u0131r\u0131mlar\u0131yla sekt\u00f6rde dikkat \u00e7ekici bir ivme yakalayan Do\u011fan Trend Otomotiv, motosiklet taraf\u0131nda da h\u0131z kesmiyor. T\u00fcrkiye motosiklet pazar\u0131n\u0131n 2019\u2019a kadar 140-150 bin band\u0131nda seyretti\u011fini s\u00f6yleyen Emre Acar, pazar\u0131n 2020 itibar\u0131yla 200 bin baraj\u0131n\u0131 a\u015ft\u0131\u011f\u0131n\u0131 ve yukar\u0131 y\u00f6nl\u00fc ivmesini art\u0131rd\u0131\u011f\u0131n\u0131 belirtti.<\/p>\n\n\n\n<p><strong>Emre Acar: \u201cPazar 3 y\u0131lda ikiye katland\u0131!\u201d<\/strong><\/p>\n\n\n\n<p>Ge\u00e7ti\u011fimiz y\u0131l T\u00fcrkiye\u2019de 254 bin adet motosiklet sat\u0131ld\u0131\u011f\u0131n\u0131 ifade eden Emre Acar, \u201cPazar\u0131n bu y\u0131l 323 bin adede ula\u015fmas\u0131n\u0131 bekliyoruz. Bu da 2019\u2019daki 154 bin adetlik pazara g\u00f6re sat\u0131\u015flar\u0131n 2 kat\u0131na \u00e7\u0131kaca\u011f\u0131 anlam\u0131na geliyor. T\u00fcrkiye motosiklet pazar\u0131n\u0131n 2023 y\u0131l\u0131nda ise 385 bin adedi yakalayaca\u011f\u0131n\u0131 ve 400 bin baraj\u0131na yakla\u015faca\u011f\u0131n\u0131 \u00f6ng\u00f6r\u00fcyoruz\u201d dedi. T\u00fcrkiye pazar\u0131nda en b\u00fcy\u00fck pay\u0131 0-50 ve 101-125 cc segmentlerinin ald\u0131\u011f\u0131n\u0131 kaydeden Acar, \u201cSon d\u00f6nemde elektrikli motosikletler de pay\u0131n\u0131 y\u00fczde 10 seviyesine ta\u015f\u0131m\u0131\u015f durumda\u201d diye konu\u015ftu.<\/p>\n\n\n\n<p><strong>Ehliyet d\u00fczenlemesiyle sat\u0131\u015flarda patlama ya\u015fanabilir<\/strong><\/p>\n\n\n\n<p>50 cc\u2019ye kadar olan motosikletlerin B s\u0131n\u0131f\u0131 s\u00fcr\u00fcc\u00fc ehliyeti ile kullan\u0131labilmesine olanak sa\u011flayan yasan\u0131n, 125 cc d\u00fczeyine getirilmesi ile ilgili g\u00f6r\u00fc\u015fmelerinin devam etti\u011fini belirten Acar, \u201c\u0130lgili yasa kapsam\u0131n\u0131n 125 cc seviyesine getirilebilmesi ad\u0131na kanun yap\u0131c\u0131lar ile g\u00f6r\u00fc\u015fmelerimiz s\u00fcr\u00fcyor. \u015eu an i\u00e7in kesin bir karar al\u0131nmam\u0131\u015f olsa da yasan\u0131n de\u011fi\u015fmesi halinde sat\u0131\u015flarda adeta patlama ya\u015fanabilir, T\u00fcrkiye\u2019deki motosiklet pazar\u0131n\u0131n ger\u00e7ek potansiyelini g\u00f6rebiliriz. B s\u0131n\u0131f\u0131 ehliyet ile kullan\u0131labilecek 0-125 cc aras\u0131ndaki motosiklet ile hem sekt\u00f6r b\u00fcy\u00fcyecek hem de mobilite \u00e7\u00f6z\u00fcmlerinde etkili bir alan a\u00e7\u0131lacak\u201d dedi.<\/p>\n\n\n\n<p><strong>KYMCO\u2019da 3 yeni 125 cc\u2019lik model geliyor<\/strong><\/p>\n\n\n\n<p>KYMCO ile 125 cc pazar\u0131nda b\u00fcy\u00fcmeyi hedeflediklerini s\u00f6yleyen Emre Acar, \u201cGelecek y\u0131l KYMCO\u2019nun 3 yeni 125 cc\u2019lik modelini pazara sunmaya haz\u0131rlan\u0131yoruz. KYMCO markam\u0131zla 2021\u2019i yani ilk senemizi 1240 adetlik sat\u0131\u015fla tamamlad\u0131k. Bu y\u0131l hedefimiz 2 bin 53 adetlik toplam sat\u0131\u015fa ula\u015fmak. B\u00f6ylece sat\u0131\u015flar\u0131m\u0131z yakla\u015f\u0131k 2 kat\u0131na \u00e7\u0131km\u0131\u015f olacak. Yeni modellerin de katk\u0131s\u0131yla bu ivmemizi art\u0131r\u0131p 2023\u2019te 4 bin adetlik sat\u0131\u015fa ula\u015fmay\u0131 hedefliyoruz\u201d diye konu\u015ftu.<\/p>\n\n\n\n<p>K\u00fcresel \u00e7apta y\u0131lda 1 milyonun \u00fczerinde motosiklet ve ATV \u00fcretimi ger\u00e7ekle\u015ftiren KYMCO\u2019nun 20 y\u0131ld\u0131r Avrupa\u2019n\u0131n en fazla tercih edilen markas\u0131 oldu\u011funa da i\u015faret eden Emre Acar; d\u00fcnyada g\u00fcvenilirlik, kalite ve konfor kavramlar\u0131n\u0131n KYMCO ile \u00f6zde\u015fle\u015fti\u011fini ve b\u00f6ylece Avrupa motosiklet pazar\u0131nda \u0130spanya\u2019da 2\u2019nci, \u0130talya ve Almanya\u2019da ise 3\u2019\u00fcnc\u00fc s\u0131rada yer ald\u0131\u011f\u0131n\u0131 vurgulad\u0131. KYMCO\u2019nun Avrupa\u2019da y\u00fczde 17 pazar pay\u0131 bulunuyor.<\/p>\n\n\n\n<p><strong>KYMCO 2022 sonunda \u00fclke genelinde 26 yetkili sat\u0131\u015f noktas\u0131na ula\u015facak!<\/strong><\/p>\n\n\n\n<p>Emre Acar; \u201cKYMCO markam\u0131zla 2 senede T\u00fcrkiye genelinde 22 yetkili sat\u0131\u015f noktas\u0131 ve 30 yetkili servis noktas\u0131na ula\u015ft\u0131k. 2023 ilk \u00e7eyrek sonuna kadar hedefimiz Tekirda\u011f, \u00c7anakkale, Bal\u0131kesir, Mersin ve Samsun\u2019u da dahil ederek toplam 29 bayi noktas\u0131na ula\u015fmak. Bu daha ilk faz. \u0130lerleyen y\u0131llarda hem sat\u0131\u015f hem de servis noktalar\u0131m\u0131z\u0131 art\u0131rmay\u0131 hedefliyoruz\u201d dedi.<\/p>\n","protected":false},"excerpt":{"rendered":"<p>Do\u011fan Holding \u00e7at\u0131s\u0131 alt\u0131nda otomotiv ve mobilite alan\u0131ndaki yat\u0131r\u0131mlar\u0131yla sekt\u00f6rde dikkat \u00e7ekici bir ivme yakalayan Do\u011fan Trend Otomotiv, motosiklet taraf\u0131nda da h\u0131z kesmiyor. T\u00fcrkiye motosiklet pazar\u0131n\u0131n 2019\u2019a kadar 140-150 bin band\u0131nda seyretti\u011fini s\u00f6yleyen Emre Acar, pazar\u0131n 2020 itibar\u0131yla 200 bin baraj\u0131n\u0131 a\u015ft\u0131\u011f\u0131n\u0131 ve yukar\u0131 y\u00f6nl\u00fc ivmesini art\u0131rd\u0131\u011f\u0131n\u0131 belirtti. Emre Acar: \u201cPazar 3 y\u0131lda ikiye katland\u0131!\u201d [&hellip;]<\/p>\n","protected":false},"author":1,"featured_media":1529,"comment_status":"open","ping_status":"open","sticky":false,"template":"","format":"standard","meta":[],"categories":[21,26],"tags":[],"_links":{"self":[{"href":"http:\/\/www.motorbike.com.tr\/index.php?rest_route=\/wp\/v2\/posts\/1527"}],"collection":[{"href":"http:\/\/www.motorbike.com.tr\/index.php?rest_route=\/wp\/v2\/posts"}],"about":[{"href":"http:\/\/www.motorbike.com.tr\/index.php?rest_route=\/wp\/v2\/types\/post"}],"author":[{"embeddable":true,"href":"http:\/\/www.motorbike.com.tr\/index.php?rest_route=\/wp\/v2\/users\/1"}],"replies":[{"embeddable":true,"href":"http:\/\/www.motorbike.com.tr\/index.php?rest_route=%2Fwp%2Fv2%2Fcomments&post=1527"}],"version-history":[{"count":1,"href":"http:\/\/www.motorbike.com.tr\/index.php?rest_route=\/wp\/v2\/posts\/1527\/revisions"}],"predecessor-version":[{"id":1528,"href":"http:\/\/www.motorbike.com.tr\/index.php?rest_route=\/wp\/v2\/posts\/1527\/revisions\/1528"}],"wp:featuredmedia":[{"embeddable":true,"href":"http:\/\/www.motorbike.com.tr\/index.php?rest_route=\/wp\/v2\/media\/1529"}],"wp:attachment":[{"href":"http:\/\/www.motorbike.com.tr\/index.php?rest_route=%2Fwp%2Fv2%2Fmedia&parent=1527"}],"wp:term":[{"taxonomy":"category","embeddable":true,"href":"http:\/\/www.motorbike.com.tr\/index.php?rest_route=%2Fwp%2Fv2%2Fcategories&post=1527"},{"taxonomy":"post_tag","embeddable":true,"href":"http:\/\/www.motorbike.com.tr\/index.php?rest_route=%2Fwp%2Fv2%2Ftags&post=1527"}],"curies":[{"name":"wp","href":"https:\/\/api.w.org\/{rel}","templated":true}]}}