{"id":1544,"date":"2022-11-07T18:14:00","date_gmt":"2022-11-07T18:14:00","guid":{"rendered":"http:\/\/www.motorbike.com.tr\/?p=1544"},"modified":"2022-11-08T18:15:40","modified_gmt":"2022-11-08T18:15:40","slug":"suzuki-ispanya-gpsini-kazanarak-motogpye-veda-etti","status":"publish","type":"post","link":"http:\/\/www.motorbike.com.tr\/?p=1544","title":{"rendered":"Suzuki, \u0130spanya GP\u2019sini Kazanarak MotoGP\u2019ye Veda Etti&#8230;"},"content":{"rendered":"\n<p>D\u00fcnya \u00e7ap\u0131nda, motosiklet dendi\u011finde akla gelen say\u0131l\u0131 markalar aras\u0131nda yer alan Japon motosiklet \u00fcreticisi Suzuki, yeni yat\u0131r\u0131mlara kaynak ay\u0131rmak ve s\u00fcrd\u00fcr\u00fclebilir faaliyetlerini b\u00fcy\u00fctmek i\u00e7in motosiklet d\u00fcnyas\u0131n\u0131n \u00f6nemli yar\u0131\u015flar\u0131ndan bir tanesi olan MotoGP\u2019den 2022 sezonu itibar\u0131yla ayr\u0131laca\u011f\u0131n\u0131 ge\u00e7ti\u011fimiz aylarda a\u00e7\u0131klam\u0131\u015ft\u0131. Sezonun son yar\u0131\u015f\u0131 Valencia GP\u2019si ile tamamlan\u0131rken, Suzuki ECSTAR Tak\u0131m\u0131\u2019ndan Alex Rins, yar\u0131\u015f\u0131 birinci olarak bitirerek, markan\u0131n g\u00f6rkemli bir \u015fekilde MotoGP\u2019ye veda etmesini sa\u011flad\u0131. Yar\u0131\u015fa 5. s\u0131radan ba\u015flayan Alex Rins, m\u00fcthi\u015f bir performansla h\u0131zla liderli\u011fe ula\u015farak bu anlaml\u0131 yar\u0131\u015fta damal\u0131 bayra\u011f\u0131 ilk g\u00f6ren oldu. B\u00f6ylece; k\u0131sa zaman \u00f6nce s\u00fcrpriz bir kararla, 2022 sezonu sonunda MotoGP\u2019den ayr\u0131laca\u011f\u0131n\u0131 a\u00e7\u0131klayan Suzuki Tak\u0131m\u0131 taraftarlar\u0131n\u0131n g\u00f6n\u00fcllerinde, yerini bunca ba\u015far\u0131l\u0131 y\u0131l\u0131n ard\u0131ndan, lidere yara\u015f\u0131r \u015fekilde ald\u0131.<\/p>\n\n\n\n<p>\u015eampiyon Pilot Alex Rins, kupas\u0131n\u0131 al\u0131rken yapt\u0131\u011f\u0131 a\u00e7\u0131klamada \u201cKariyerimin en g\u00fczel d\u00f6nemini ya\u015fad\u0131\u011f\u0131m Suzuki Tak\u0131m\u0131\u2019n\u0131n pistlerden ayr\u0131lmas\u0131 \u00e7ok \u00fcz\u00fcc\u00fc. Bu yar\u0131\u015flar\u0131n efsanesi, ikonik markalar\u0131ndan birinin pistlerden ayr\u0131lmas\u0131 hepimizi \u00e7ok \u00fczd\u00fc. Yar\u0131\u015fa ba\u015flarken, itiraf etmem gerekirse; start an\u0131nda g\u00f6zlerim ya\u015flar i\u00e7indeydi. Tak\u0131m\u0131m\u0131z\u0131, ona yara\u015f\u0131r \u015fekilde u\u011furlamak \u00e7ok \u00f6nemliydi. Yar\u0131\u015f d\u00fcnyas\u0131nda h\u00fcz\u00fcn ve sevin\u00e7 hep olur ama bu seferki biraz daha farkl\u0131. G\u00fcle g\u00fcle \u015fampiyon Suzuki!\u201d dedi.&nbsp;<\/p>\n\n\n\n<p>Suzuki, 1974\u2019ten beri, \u00f6nce WGP ve ard\u0131ndan yerini alan MotoGP\u2019de yar\u0131\u015ft\u0131. Y\u00fczlerce yar\u0131\u015fa kat\u0131lan tak\u0131m, 89\u2019u GP500, 8\u2019i MotoGP\u2019de olmak \u00fczere toplamda 97 defa birincilik alarak yar\u0131\u015f tarihinin efsaneleri aras\u0131nda yerini ald\u0131. GP500\u2019de 6 kez ve 2020\u2019de<\/p>\n\n\n\n<p>MotoGP\u2019de bir kez S\u00fcr\u00fcc\u00fc \u015eampiyonlu\u011fu\u2019nu kazanarak pistlere ad\u0131n\u0131 alt\u0131n harflerle yazarak veda etti. Suzuki Tak\u0131m\u0131 yetkilileri ise yapt\u0131klar\u0131 a\u00e7\u0131klamayla \u201cT\u00fcm Suzuki hayranlar\u0131na ve ayr\u0131ca kat\u0131lan herkese, \u015firketimizin motosiklet yar\u0131\u015f faaliyetlerine uzun y\u0131llar boyunca verdikleri destek i\u00e7in en derin \u015f\u00fckranlar\u0131m\u0131z\u0131 sunmak istiyoruz\u201d s\u00f6zleriyle taraftarlar\u0131na te\u015fekk\u00fcr ettiler.<\/p>\n","protected":false},"excerpt":{"rendered":"<p>D\u00fcnya \u00e7ap\u0131nda, motosiklet dendi\u011finde akla gelen say\u0131l\u0131 markalar aras\u0131nda yer alan Japon motosiklet \u00fcreticisi Suzuki, yeni yat\u0131r\u0131mlara kaynak ay\u0131rmak ve s\u00fcrd\u00fcr\u00fclebilir faaliyetlerini b\u00fcy\u00fctmek i\u00e7in motosiklet d\u00fcnyas\u0131n\u0131n \u00f6nemli yar\u0131\u015flar\u0131ndan bir tanesi olan MotoGP\u2019den 2022 sezonu itibar\u0131yla ayr\u0131laca\u011f\u0131n\u0131 ge\u00e7ti\u011fimiz aylarda a\u00e7\u0131klam\u0131\u015ft\u0131. Sezonun son yar\u0131\u015f\u0131 Valencia GP\u2019si ile tamamlan\u0131rken, Suzuki ECSTAR Tak\u0131m\u0131\u2019ndan Alex Rins, yar\u0131\u015f\u0131 birinci olarak bitirerek, [&hellip;]<\/p>\n","protected":false},"author":1,"featured_media":1545,"comment_status":"open","ping_status":"open","sticky":false,"template":"","format":"standard","meta":[],"categories":[21,24,26],"tags":[],"_links":{"self":[{"href":"http:\/\/www.motorbike.com.tr\/index.php?rest_route=\/wp\/v2\/posts\/1544"}],"collection":[{"href":"http:\/\/www.motorbike.com.tr\/index.php?rest_route=\/wp\/v2\/posts"}],"about":[{"href":"http:\/\/www.motorbike.com.tr\/index.php?rest_route=\/wp\/v2\/types\/post"}],"author":[{"embeddable":true,"href":"http:\/\/www.motorbike.com.tr\/index.php?rest_route=\/wp\/v2\/users\/1"}],"replies":[{"embeddable":true,"href":"http:\/\/www.motorbike.com.tr\/index.php?rest_route=%2Fwp%2Fv2%2Fcomments&post=1544"}],"version-history":[{"count":1,"href":"http:\/\/www.motorbike.com.tr\/index.php?rest_route=\/wp\/v2\/posts\/1544\/revisions"}],"predecessor-version":[{"id":1546,"href":"http:\/\/www.motorbike.com.tr\/index.php?rest_route=\/wp\/v2\/posts\/1544\/revisions\/1546"}],"wp:featuredmedia":[{"embeddable":true,"href":"http:\/\/www.motorbike.com.tr\/index.php?rest_route=\/wp\/v2\/media\/1545"}],"wp:attachment":[{"href":"http:\/\/www.motorbike.com.tr\/index.php?rest_route=%2Fwp%2Fv2%2Fmedia&parent=1544"}],"wp:term":[{"taxonomy":"category","embeddable":true,"href":"http:\/\/www.motorbike.com.tr\/index.php?rest_route=%2Fwp%2Fv2%2Fcategories&post=1544"},{"taxonomy":"post_tag","embeddable":true,"href":"http:\/\/www.motorbike.com.tr\/index.php?rest_route=%2Fwp%2Fv2%2Ftags&post=1544"}],"curies":[{"name":"wp","href":"https:\/\/api.w.org\/{rel}","templated":true}]}}