{"id":1764,"date":"2023-09-04T06:48:58","date_gmt":"2023-09-04T06:48:58","guid":{"rendered":"http:\/\/www.motorbike.com.tr\/?p=1764"},"modified":"2023-09-04T06:49:00","modified_gmt":"2023-09-04T06:49:00","slug":"avrupada-motokrosun-sampiyonu-bonacorsi","status":"publish","type":"post","link":"http:\/\/www.motorbike.com.tr\/?p=1764","title":{"rendered":"Avrupa\u2019da Motokrosun \u015eampiyonu Bonacorsi&#8230;"},"content":{"rendered":"\n<p>D\u00fcnyan\u0131n en iyilerinin yar\u0131\u015ft\u0131\u011f\u0131 MXGP T\u00fcrkiye organizasyonunun i\u00e7inde yar alan Avrupa Motokros \u015fampiyonu 393 puanla Yamaha\u2019dan \u0130talyan <strong>Andrea Bonacorsi<\/strong> oldu. Husqvarna\u2019dan Hollandal\u0131 Kay Karssemakers 334 puanla ikinci, Fantic\u2019ten Hollandal\u0131 Cas Valk ise 305 puanla \u00fc\u00e7\u00fcnc\u00fc olarak tamamlad\u0131.<\/p>\n\n\n\n<p><strong>YARI\u015eLARDA DA KAZANAN BONACORSI<\/strong><\/p>\n\n\n\n<p>Bug\u00fcn yap\u0131lan ikinci yar\u0131\u015f\u0131 Yamaha\u2019dan \u0130talyan Andrea Bonacorsi, ikincili\u011fi Husqvarna\u2019dan Hollandal\u0131 Kay Karssemakers, \u00fc\u00e7\u00fcnc\u00fcl\u00fc\u011f\u00fc ise Kawasaki\u2019den Frans\u0131z Quentin Marc Prugnieres ald\u0131.<\/p>\n\n\n\n<p>Avrupa Motokros \u015eampiyonas\u0131\u2019n\u0131n Afyonkarahisar\u2019daki 9. etab\u0131ndaki ilk yar\u0131\u015f\u0131 Fantic\u2019ten Hollandal\u0131 Cas Valk kazanm\u0131\u015ft\u0131. Valk\u2019\u0131n ard\u0131ndan Yamaha\u2019dan \u0130talyan Andrea Bonacorsi ikincili\u011fi ve Husqvarna\u2019dan Hollandal\u0131 Kay Karssemakers\u2019ta \u00fc\u00e7\u00fcnc\u00fcl\u00fc\u011f\u00fc elde etmi\u015fti.<\/p>\n\n\n\n<p><strong>MARKALARDA YAMAHA<\/strong><\/p>\n\n\n\n<p>EMX250 yar\u0131\u015f\u0131nda markalarda Yamaha 407 puanla lider olurken, KTM 361 puanla ikinci, Husqvarna ise 342 puanla \u00fc\u00e7\u00fcnc\u00fc oldu.<\/p>\n","protected":false},"excerpt":{"rendered":"<p>D\u00fcnyan\u0131n en iyilerinin yar\u0131\u015ft\u0131\u011f\u0131 MXGP T\u00fcrkiye organizasyonunun i\u00e7inde yar alan Avrupa Motokros \u015fampiyonu 393 puanla Yamaha\u2019dan \u0130talyan Andrea Bonacorsi oldu. Husqvarna\u2019dan Hollandal\u0131 Kay Karssemakers 334 puanla ikinci, Fantic\u2019ten Hollandal\u0131 Cas Valk ise 305 puanla \u00fc\u00e7\u00fcnc\u00fc olarak tamamlad\u0131. YARI\u015eLARDA DA KAZANAN BONACORSI Bug\u00fcn yap\u0131lan ikinci yar\u0131\u015f\u0131 Yamaha\u2019dan \u0130talyan Andrea Bonacorsi, ikincili\u011fi Husqvarna\u2019dan Hollandal\u0131 Kay Karssemakers, \u00fc\u00e7\u00fcnc\u00fcl\u00fc\u011f\u00fc [&hellip;]<\/p>\n","protected":false},"author":1,"featured_media":1765,"comment_status":"open","ping_status":"open","sticky":false,"template":"","format":"standard","meta":[],"categories":[21,24,26],"tags":[],"_links":{"self":[{"href":"http:\/\/www.motorbike.com.tr\/index.php?rest_route=\/wp\/v2\/posts\/1764"}],"collection":[{"href":"http:\/\/www.motorbike.com.tr\/index.php?rest_route=\/wp\/v2\/posts"}],"about":[{"href":"http:\/\/www.motorbike.com.tr\/index.php?rest_route=\/wp\/v2\/types\/post"}],"author":[{"embeddable":true,"href":"http:\/\/www.motorbike.com.tr\/index.php?rest_route=\/wp\/v2\/users\/1"}],"replies":[{"embeddable":true,"href":"http:\/\/www.motorbike.com.tr\/index.php?rest_route=%2Fwp%2Fv2%2Fcomments&post=1764"}],"version-history":[{"count":1,"href":"http:\/\/www.motorbike.com.tr\/index.php?rest_route=\/wp\/v2\/posts\/1764\/revisions"}],"predecessor-version":[{"id":1766,"href":"http:\/\/www.motorbike.com.tr\/index.php?rest_route=\/wp\/v2\/posts\/1764\/revisions\/1766"}],"wp:featuredmedia":[{"embeddable":true,"href":"http:\/\/www.motorbike.com.tr\/index.php?rest_route=\/wp\/v2\/media\/1765"}],"wp:attachment":[{"href":"http:\/\/www.motorbike.com.tr\/index.php?rest_route=%2Fwp%2Fv2%2Fmedia&parent=1764"}],"wp:term":[{"taxonomy":"category","embeddable":true,"href":"http:\/\/www.motorbike.com.tr\/index.php?rest_route=%2Fwp%2Fv2%2Fcategories&post=1764"},{"taxonomy":"post_tag","embeddable":true,"href":"http:\/\/www.motorbike.com.tr\/index.php?rest_route=%2Fwp%2Fv2%2Ftags&post=1764"}],"curies":[{"name":"wp","href":"https:\/\/api.w.org\/{rel}","templated":true}]}}