{"id":2444,"date":"2026-04-29T09:50:00","date_gmt":"2026-04-29T09:50:00","guid":{"rendered":"http:\/\/www.motorbike.com.tr\/?p=2444"},"modified":"2026-04-29T09:50:02","modified_gmt":"2026-04-29T09:50:02","slug":"transanatolia-rally-raid-2026-lansmani-motobike-istanbulda-yapildi","status":"publish","type":"post","link":"http:\/\/www.motorbike.com.tr\/?p=2444","title":{"rendered":"TransAnatolia Rally Raid 2026 Lansman\u0131 Motobike \u0130stanbul\u2019da Yap\u0131ld\u0131&#8230;"},"content":{"rendered":"\n<p>Motor sporlar\u0131n\u0131n kalbi d\u00f6rt g\u00fcn boyunca Motobike \u0130stanbul\u2019da atarken, TransAnatolia stand\u0131 fuar\u0131n en dikkat \u00e7eken alanlar\u0131ndan biri oldu. Fuarda 16. TransAnatolia yar\u0131\u015f rotas\u0131na ait detaylar ilk kez payla\u015f\u0131l\u0131rken, <strong>\u201cBivouac\u201d<\/strong> deneyim alan\u0131 ziyaret\u00e7ilere ger\u00e7ek bir ralli atmosferi sundu.<\/p>\n\n\n\n<p><strong>B\u00fcy\u00fck M\u00fccadele 29 A\u011fustos-5 Eyl\u00fcl Tarihleri Aras\u0131 \u0130stanbul\u2019dan Ankara\u2019ya<\/strong><\/p>\n\n\n\n<p><strong>29 A\u011fustos<\/strong>\u2019ta\u0130stanbul\u2019dan start alacak yar\u0131\u015f s\u0131ras\u0131yla Bolu ve Zonguldak il s\u0131n\u0131rlar\u0131ndan ge\u00e7erek Ilgaz Da\u011flar\u0131 \u00fczerinden, Amasya, Tokat, Nev\u015fehir Kapadokya b\u00f6lgesine devam edecek, ard\u0131ndan Aksaray \u00fczerinden Ankara\u2019da <strong>5 Eyl\u00fcl\u2019de<\/strong> son bulacak. Zorlu parkur, bu y\u0131l yaln\u0131zca dayan\u0131kl\u0131l\u0131k ve h\u0131z\u0131n de\u011fil, ayn\u0131 zamanda s\u00fcrd\u00fcr\u00fclebilir mobilite anlay\u0131\u015f\u0131n\u0131n da \u00f6n plana \u00e7\u0131kt\u0131\u011f\u0131 bir yar\u0131\u015f olacak.<\/p>\n\n\n\n<p><strong>TransAnatolia\u2019da Bir \u0130lk: Elektrikli Otomobiller Start Alacak<\/strong><\/p>\n\n\n\n<p>TransAnatolia bu y\u0131l ilk kez elektrikli otomobillere de kap\u0131lar\u0131n\u0131 a\u00e7arak motor sporlar\u0131nda \u00e7evre dostu d\u00f6n\u00fc\u015f\u00fcm\u00fcn g\u00fc\u00e7l\u00fc bir temsilcisi haline gelecek.<\/p>\n\n\n\n<p><strong>Ziyaret\u00e7ilere Ger\u00e7ek Bir Bivouac Deneyimi Ya\u015fat\u0131ld\u0131<\/strong><\/p>\n\n\n\n<p>Motobike \u0130stanbul kapsam\u0131nda kurulan 1000 m\u00b2\u2019lik \u201c<strong>TransAnatolia Bivouac\u201d<\/strong> alan\u0131, ziyaret\u00e7ilere yar\u0131\u015f\u0131n perde arkas\u0131n\u0131 birebir deneyimleme f\u0131rsat\u0131 sundu. Yar\u0131\u015f\u00e7\u0131lar\u0131n etap sonlar\u0131nda konaklad\u0131\u011f\u0131 kamp d\u00fczeninden teknik servis alanlar\u0131na kadar t\u00fcm detaylar, fuar ziyaret\u00e7ileriyle bulu\u015ftu. Daha \u00f6nce yar\u0131\u015fa kat\u0131lm\u0131\u015f motosiklet, otomobil ve SSV\u2019lerin sergilendi\u011fi alanda; servis noktalar\u0131, sa\u011fl\u0131k ekiplerinin \u00e7al\u0131\u015fma d\u00fczeni ve ekip dinamikleri ger\u00e7ek\u00e7i bir \u015fekilde yans\u0131t\u0131ld\u0131. B\u00f6ylece ziyaret\u00e7iler, rally raid d\u00fcnyas\u0131n\u0131n sadece h\u0131zdan ibaret olmad\u0131\u011f\u0131n\u0131 yak\u0131ndan g\u00f6zlemledi.<\/p>\n\n\n\n<p><strong>TransAnatolia Genel Koordinat\u00f6r\u00fc Burak B\u00fcy\u00fckp\u0131nar<\/strong>; \u201cKurdu\u011fumuz <strong>TransAnatolia Bivouac<\/strong> ile ziyaret\u00e7ilere yar\u0131\u015f\u0131n ger\u00e7ek ruhunu hissettirmek istedik. Servis alan\u0131ndan kamp ya\u015fam\u0131na, ara\u00e7lardan ekip dinamiklerine kadar t\u00fcm detaylar\u0131yla rally raid deneyimini \u0130stanbul\u2019un merkezine ta\u015f\u0131d\u0131k. Adrenalin, dayan\u0131kl\u0131l\u0131k ve ke\u015fif ruhunun bulu\u015ftu\u011fu ya\u015fayan bir olurken, fuar\u0131n en ilgi \u00e7eken standlar\u0131ndan biri olduk.\u201d dedi.<\/p>\n","protected":false},"excerpt":{"rendered":"<p>Motor sporlar\u0131n\u0131n kalbi d\u00f6rt g\u00fcn boyunca Motobike \u0130stanbul\u2019da atarken, TransAnatolia stand\u0131 fuar\u0131n en dikkat \u00e7eken alanlar\u0131ndan biri oldu. Fuarda 16. TransAnatolia yar\u0131\u015f rotas\u0131na ait detaylar ilk kez payla\u015f\u0131l\u0131rken, \u201cBivouac\u201d deneyim alan\u0131 ziyaret\u00e7ilere ger\u00e7ek bir ralli atmosferi sundu. B\u00fcy\u00fck M\u00fccadele 29 A\u011fustos-5 Eyl\u00fcl Tarihleri Aras\u0131 \u0130stanbul\u2019dan Ankara\u2019ya 29 A\u011fustos\u2019ta\u0130stanbul\u2019dan start alacak yar\u0131\u015f s\u0131ras\u0131yla Bolu ve Zonguldak [&hellip;]<\/p>\n","protected":false},"author":1,"featured_media":2445,"comment_status":"open","ping_status":"open","sticky":false,"template":"","format":"standard","meta":[],"categories":[21,26],"tags":[],"_links":{"self":[{"href":"http:\/\/www.motorbike.com.tr\/index.php?rest_route=\/wp\/v2\/posts\/2444"}],"collection":[{"href":"http:\/\/www.motorbike.com.tr\/index.php?rest_route=\/wp\/v2\/posts"}],"about":[{"href":"http:\/\/www.motorbike.com.tr\/index.php?rest_route=\/wp\/v2\/types\/post"}],"author":[{"embeddable":true,"href":"http:\/\/www.motorbike.com.tr\/index.php?rest_route=\/wp\/v2\/users\/1"}],"replies":[{"embeddable":true,"href":"http:\/\/www.motorbike.com.tr\/index.php?rest_route=%2Fwp%2Fv2%2Fcomments&post=2444"}],"version-history":[{"count":1,"href":"http:\/\/www.motorbike.com.tr\/index.php?rest_route=\/wp\/v2\/posts\/2444\/revisions"}],"predecessor-version":[{"id":2446,"href":"http:\/\/www.motorbike.com.tr\/index.php?rest_route=\/wp\/v2\/posts\/2444\/revisions\/2446"}],"wp:featuredmedia":[{"embeddable":true,"href":"http:\/\/www.motorbike.com.tr\/index.php?rest_route=\/wp\/v2\/media\/2445"}],"wp:attachment":[{"href":"http:\/\/www.motorbike.com.tr\/index.php?rest_route=%2Fwp%2Fv2%2Fmedia&parent=2444"}],"wp:term":[{"taxonomy":"category","embeddable":true,"href":"http:\/\/www.motorbike.com.tr\/index.php?rest_route=%2Fwp%2Fv2%2Fcategories&post=2444"},{"taxonomy":"post_tag","embeddable":true,"href":"http:\/\/www.motorbike.com.tr\/index.php?rest_route=%2Fwp%2Fv2%2Ftags&post=2444"}],"curies":[{"name":"wp","href":"https:\/\/api.w.org\/{rel}","templated":true}]}}