{"id":2448,"date":"2026-04-29T10:00:54","date_gmt":"2026-04-29T10:00:54","guid":{"rendered":"http:\/\/www.motorbike.com.tr\/?p=2448"},"modified":"2026-04-29T10:01:33","modified_gmt":"2026-04-29T10:01:33","slug":"honda-turkiyeden-stratejik-yatirimizmir-aliagada-motosiklet-fabrikasi-acildi","status":"publish","type":"post","link":"http:\/\/www.motorbike.com.tr\/?p=2448","title":{"rendered":"Honda T\u00fcrkiye\u2019den Stratejik Yat\u0131r\u0131m \u0130zmir Alia\u011fa\u2019da Motosiklet Fabrikas\u0131 A\u00e7\u0131ld\u0131&#8230;"},"content":{"rendered":"\n<p>Honda T\u00fcrkiye, \u0130zmir Alia\u011fa\u2019da hayata ge\u00e7irdi\u011fi motosiklet \u00fcretim fabrikas\u0131n\u0131n a\u00e7\u0131l\u0131\u015f\u0131n\u0131 ger\u00e7ekle\u015ftirdi. Bu yat\u0131r\u0131m, Honda\u2019n\u0131n T\u00fcrkiye\u2019ye olan g\u00fc\u00e7l\u00fc ve uzun vadeli ba\u011fl\u0131l\u0131\u011f\u0131n\u0131n somut bir g\u00f6stergesi olarak \u00f6ne \u00e7\u0131karken; \u00fcretim, istihdam ve s\u00fcrd\u00fcr\u00fclebilir b\u00fcy\u00fcme alanlar\u0131nda \u00f6nemli katk\u0131lar sunmay\u0131 hedefliyor. Yeni tesis, Honda\u2019n\u0131n k\u00fcresel \u00fcretim g\u00fcc\u00fcn\u00fc T\u00fcrkiye\u2019nin sanayi altyap\u0131s\u0131 ve yetkin insan kayna\u011f\u0131yla bulu\u015fturarak, artan mobilite ihtiyac\u0131na yerel \u00fcretimle h\u0131zl\u0131 ve etkin bir yan\u0131t verilmesini sa\u011flayacak.<\/p>\n\n\n\n<p>A\u00e7\u0131l\u0131\u015f t\u00f6reninde konu\u015fan Honda y\u00f6neticileri, yat\u0131r\u0131m s\u00fcrecinde destek veren t\u00fcm kamu kurumlar\u0131na, yerel y\u00f6netimlere ve i\u015f ortaklar\u0131na te\u015fekk\u00fcr ederek, T\u00fcrkiye ile birlikte b\u00fcy\u00fcmeye ve uzun vadeli de\u011fer \u00fcretmeye devam edeceklerini vurgulad\u0131.<\/p>\n\n\n\n<p>T\u00f6rene kat\u0131lan <strong>Honda Motor Europe Ba\u015fkan\u0131 Hans De Jaeger<\/strong>, T\u00fcrkiye\u2019nin Honda i\u00e7in ta\u015f\u0131d\u0131\u011f\u0131 \u00f6neme dikkat \u00e7ekerek \u015fu ifadeleri kulland\u0131: \u201cBu yat\u0131r\u0131m, pazara duydu\u011fumuz g\u00fcvenin, T\u00fcrkiye\u2019nin k\u00fcresel i\u015fimizdeki \u00f6neminin ve uzun vadeli i\u015f birli\u011fi ile ortak refaha olan ba\u011fl\u0131l\u0131\u011f\u0131m\u0131z\u0131n g\u00fc\u00e7l\u00fc bir g\u00f6stergesidir. Bu tesisin hem Honda\u2019n\u0131n k\u00fcresel \u00fcretim a\u011f\u0131na hem de T\u00fcrkiye\u2019nin sanayi geli\u015fimine, istihdam\u0131na ve s\u00fcrd\u00fcr\u00fclebilir b\u00fcy\u00fcme hedeflerine \u00f6nemli katk\u0131lar sa\u011flayaca\u011f\u0131na inan\u0131yoruz.\u201d<\/p>\n\n\n\n<p><strong>Honda T\u00fcrkiye Ba\u015fkan\u0131 Satoru Yamada<\/strong> a\u00e7\u0131l\u0131\u015f t\u00f6reninde T\u00fcrkiye\u2019nin dinamik yap\u0131s\u0131n\u0131 vurgulad\u0131\u011f\u0131 konu\u015fmas\u0131nda \u201c\u0130zmir Alia\u011fa\u2019da hayata ge\u00e7irdi\u011fimiz bu \u00fcretim tesisi, Honda\u2019n\u0131n T\u00fcrkiye\u2019ye olan g\u00fc\u00e7l\u00fc inanc\u0131n\u0131n, uzun vadeli vizyonunun ve y\u0131llar i\u00e7inde in\u015fa etti\u011fimiz g\u00fcvene dayal\u0131 yak\u0131n ili\u015fkinin a\u00e7\u0131k bir g\u00f6stergesidir. Bizim i\u00e7in ba\u015far\u0131y\u0131 yaln\u0131zca ekonomik g\u00f6stergelerle \u00f6l\u00e7mek yeterli de\u011fildir. As\u0131l \u00f6nemli olan; topluma dokunan, insanlar\u0131n ya\u015fam\u0131na de\u011fer katan bir etki olu\u015fturabilmektir\u201d dedi.<\/p>\n\n\n\n<p><strong>Honda Motosiklet T\u00fcrkiye, yerli \u00fcretime ve s\u00fcrd\u00fcr\u00fclebilir b\u00fcy\u00fcmeye odaklan\u0131yor<\/strong><\/p>\n\n\n\n<p>T\u00fcrkiye\u2019de h\u0131zla b\u00fcy\u00fcyen motosiklet pazar\u0131na paralel olarak hayata ge\u00e7irilen bu yat\u0131r\u0131m, yerli \u00fcretim kapasitesini art\u0131rarak pazar\u0131n sa\u011fl\u0131kl\u0131 ve s\u00fcrd\u00fcr\u00fclebilir \u015fekilde b\u00fcy\u00fcmesine katk\u0131 sa\u011flayacak. 45 bin m\u00b2\u2019si kapal\u0131 olmak kayd\u0131 ile toplam 100 bin m\u00b2\u2019lik bir alanda faaliyet g\u00f6sterecek tesis ile y\u0131ll\u0131k 100.000 adetlik \u00fcretim kapasitesi do\u011frultusunda yakla\u015f\u0131k 300 ki\u015fiye istihdam sa\u011flanacak. Alia\u011fa\u2019daki \u00fcretim tesisi; yerel tedarik zincirinin g\u00fc\u00e7lendirilmesi, b\u00f6lgesel kalk\u0131nman\u0131n desteklenmesi ve ekonomik de\u011fer olu\u015fturmas\u0131 a\u00e7\u0131s\u0131ndan \u00f6nemli bir rol \u00fcstleniyor.<\/p>\n\n\n\n<p>Honda T\u00fcrkiye, \u00fcretim tesisinin yan\u0131 s\u0131ra T\u00fcrkiye\u2019de g\u00fcvenli, bilin\u00e7li ve s\u00fcrd\u00fcr\u00fclebilir bir motosiklet k\u00fclt\u00fcr\u00fcn\u00fcn geli\u015fimi i\u00e7in \u00f6nemli bir ba\u015flang\u0131\u00e7 olarak konumland\u0131r\u0131yor. Honda\u2019n\u0131n global \u201cSafety\u201d yakla\u015f\u0131m\u0131 do\u011frultusunda hayata ge\u00e7irilen projelerle, trafik g\u00fcvenli\u011fi bilincinin art\u0131r\u0131lmas\u0131 ve kullan\u0131c\u0131lar\u0131n e\u011fitimine katk\u0131 sa\u011flanmas\u0131 hedefleniyor. Bu kapsamda T\u00fcrkiye\u2019de 20 y\u0131ld\u0131r faaliyetlerine devam eden Honda Motosiklet Geli\u015fim Merkezi ve e\u011fitim programlar\u0131yla, motosiklet kullan\u0131m\u0131nda fark\u0131ndal\u0131\u011f\u0131n art\u0131r\u0131lmas\u0131 ama\u00e7lan\u0131yor.<\/p>\n\n\n\n<p>Honda T\u00fcrkiye ayr\u0131ca sosyal sorumluluk projeleriyle de topluma katk\u0131 sa\u011flamay\u0131 s\u00fcrd\u00fcr\u00fcyor. Trafik e\u011fitim programlar\u0131 ve yang\u0131nlardan etkilenen alanlar\u0131n yeniden a\u011fa\u00e7land\u0131r\u0131lmas\u0131na y\u00f6nelik fidan ba\u011f\u0131\u015flar\u0131 bu yakla\u015f\u0131m\u0131n somut \u00f6rnekleri aras\u0131nda yer al\u0131yor.<\/p>\n\n\n\n<p>Honda T\u00fcrkiye\u2019nin \u0130zmir Alia\u011fa fabrikas\u0131nda \u00fcretilecek ilk model olan<strong> PCX125\u2019<\/strong>in haziran ay\u0131nda T\u00fcrkiye pazar\u0131nda sat\u0131\u015fa sunulacak. Modelin sat\u0131\u015f ba\u015flang\u0131\u00e7 tarihi ve detaylar\u0131 ilerleyen g\u00fcnlerde kamuoyu ile payla\u015f\u0131lacak.<\/p>\n","protected":false},"excerpt":{"rendered":"<p>Honda T\u00fcrkiye, \u0130zmir Alia\u011fa\u2019da hayata ge\u00e7irdi\u011fi motosiklet \u00fcretim fabrikas\u0131n\u0131n a\u00e7\u0131l\u0131\u015f\u0131n\u0131 ger\u00e7ekle\u015ftirdi. Bu yat\u0131r\u0131m, Honda\u2019n\u0131n T\u00fcrkiye\u2019ye olan g\u00fc\u00e7l\u00fc ve uzun vadeli ba\u011fl\u0131l\u0131\u011f\u0131n\u0131n somut bir g\u00f6stergesi olarak \u00f6ne \u00e7\u0131karken; \u00fcretim, istihdam ve s\u00fcrd\u00fcr\u00fclebilir b\u00fcy\u00fcme alanlar\u0131nda \u00f6nemli katk\u0131lar sunmay\u0131 hedefliyor. Yeni tesis, Honda\u2019n\u0131n k\u00fcresel \u00fcretim g\u00fcc\u00fcn\u00fc T\u00fcrkiye\u2019nin sanayi altyap\u0131s\u0131 ve yetkin insan kayna\u011f\u0131yla bulu\u015fturarak, artan mobilite ihtiyac\u0131na yerel [&hellip;]<\/p>\n","protected":false},"author":1,"featured_media":2449,"comment_status":"open","ping_status":"open","sticky":false,"template":"","format":"standard","meta":[],"categories":[21,26],"tags":[],"_links":{"self":[{"href":"http:\/\/www.motorbike.com.tr\/index.php?rest_route=\/wp\/v2\/posts\/2448"}],"collection":[{"href":"http:\/\/www.motorbike.com.tr\/index.php?rest_route=\/wp\/v2\/posts"}],"about":[{"href":"http:\/\/www.motorbike.com.tr\/index.php?rest_route=\/wp\/v2\/types\/post"}],"author":[{"embeddable":true,"href":"http:\/\/www.motorbike.com.tr\/index.php?rest_route=\/wp\/v2\/users\/1"}],"replies":[{"embeddable":true,"href":"http:\/\/www.motorbike.com.tr\/index.php?rest_route=%2Fwp%2Fv2%2Fcomments&post=2448"}],"version-history":[{"count":2,"href":"http:\/\/www.motorbike.com.tr\/index.php?rest_route=\/wp\/v2\/posts\/2448\/revisions"}],"predecessor-version":[{"id":2451,"href":"http:\/\/www.motorbike.com.tr\/index.php?rest_route=\/wp\/v2\/posts\/2448\/revisions\/2451"}],"wp:featuredmedia":[{"embeddable":true,"href":"http:\/\/www.motorbike.com.tr\/index.php?rest_route=\/wp\/v2\/media\/2449"}],"wp:attachment":[{"href":"http:\/\/www.motorbike.com.tr\/index.php?rest_route=%2Fwp%2Fv2%2Fmedia&parent=2448"}],"wp:term":[{"taxonomy":"category","embeddable":true,"href":"http:\/\/www.motorbike.com.tr\/index.php?rest_route=%2Fwp%2Fv2%2Fcategories&post=2448"},{"taxonomy":"post_tag","embeddable":true,"href":"http:\/\/www.motorbike.com.tr\/index.php?rest_route=%2Fwp%2Fv2%2Ftags&post=2448"}],"curies":[{"name":"wp","href":"https:\/\/api.w.org\/{rel}","templated":true}]}}