{"id":630,"date":"2020-03-03T09:39:09","date_gmt":"2020-03-03T09:39:09","guid":{"rendered":"http:\/\/www.motorbike.com.tr\/?p=630"},"modified":"2020-03-03T09:40:23","modified_gmt":"2020-03-03T09:40:23","slug":"toprak-razgatlioglu-sezonun-ilk-yarisini-birinci-bitirdi","status":"publish","type":"post","link":"http:\/\/www.motorbike.com.tr\/?p=630","title":{"rendered":"Toprak Razgatl\u0131o\u011flu Sezonun \u0130lk Yar\u0131\u015f\u0131n\u0131 Birinci Bitirdi&#8230;"},"content":{"rendered":"\n<p>2009 y\u0131l\u0131ndan bu yana Avusturalya\u2019da \u015fampiyonluk elde edemeyen Yamaha\u2019n\u0131n da ilk galibiyetini elde eden Toprak Razgatl\u0131o\u011flu, 33:48.344\u2019l\u00fck derecesiyle yar\u0131\u015f\u0131 ilk s\u0131rada tamamlad\u0131 ve \u015fampiyonluk favorileri aras\u0131nda g\u00f6sterildi\u011fi sezona iyi bir derece ile ba\u015flad\u0131. Yamaha ve Red Bull sporcusu Razgatl\u0131o\u011flu yar\u0131\u015f\u0131 ikinci ve \u00fc\u00e7\u00fcnc\u00fc s\u0131rada tamamlayan rakipleriyle birlikte podyuma \u00e7\u0131kt\u0131, \u0130stiklal mar\u015f\u0131n\u0131 okutmas\u0131n\u0131n ard\u0131ndan asker selam\u0131 vererek podyumdan ayr\u0131ld\u0131.<\/p>\n\n\n\n<p> \u201c<em>Ben bu yar\u0131\u015fa \u00e7ok inanarak \u00e7\u0131kt\u0131m. \u00c7ok stresli olsam da ba\u015far\u0131l\u0131 olaca\u011f\u0131ma inan\u0131yordum\u201d<\/em> diyen Toprak Razgatl\u0131o\u011flu \u201c<em>3. serbest antrenmanda motosikleti \u00e7ok daha iyi hissettim. \u0130yi d\u00f6n\u00fcyordu ve arka kavrama \u00e7ok daha iyiydi. Kendi kendime yar\u0131\u015fa haz\u0131r oldu\u011fumu s\u00f6yledim. Ama yar\u0131\u015ftan \u00f6nce inan\u0131lmaz derecede stresliydim. \u00c7\u00fcnk\u00fc ilk kez resmi olarak R1 ile yar\u0131\u015f\u0131yordum. \u0130yi bir pozisyona ihtiyac\u0131m oldu\u011funu biliyordum ve starttan sonra yar\u0131\u015f ko\u015fullar\u0131na odakland\u0131m. Lastikleri korumak zorunda oldu\u011fumu biliyordum. Motosikletim kay\u0131yordu ve son turda endi\u015felendim. \u00c7\u00fcnk\u00fc gaz\u0131 a\u00e7t\u0131\u011f\u0131mda d\u00f6nmeye ba\u015flam\u0131\u015ft\u0131, ilerlemiyordu. Rakiplerim \u00e7ok yak\u0131nd\u0131 ama yeni R1 ile benim i\u00e7in motivasyon a\u00e7\u0131s\u0131ndan da son derece \u00f6nemli olan bu yar\u0131\u015f\u0131 kazand\u0131m\u201d<\/em> dedi. Razgatl\u0131o\u011flu 1 Mart g\u00fcn\u00fc Pazar g\u00fcn\u00fc geleneksel on turlu Superpole Sprint ve ikinci kez 22 turlu Superbike Race Two yar\u0131\u015flar\u0131nda galibiyet i\u00e7in yar\u0131\u015facak. <\/p>\n","protected":false},"excerpt":{"rendered":"<p>2009 y\u0131l\u0131ndan bu yana Avusturalya\u2019da \u015fampiyonluk elde edemeyen Yamaha\u2019n\u0131n da ilk galibiyetini elde eden Toprak Razgatl\u0131o\u011flu, 33:48.344\u2019l\u00fck derecesiyle yar\u0131\u015f\u0131 ilk s\u0131rada tamamlad\u0131 ve \u015fampiyonluk favorileri aras\u0131nda g\u00f6sterildi\u011fi sezona iyi bir derece ile ba\u015flad\u0131. Yamaha ve Red Bull sporcusu Razgatl\u0131o\u011flu yar\u0131\u015f\u0131 ikinci ve \u00fc\u00e7\u00fcnc\u00fc s\u0131rada tamamlayan rakipleriyle birlikte podyuma \u00e7\u0131kt\u0131, \u0130stiklal mar\u015f\u0131n\u0131 okutmas\u0131n\u0131n ard\u0131ndan asker selam\u0131 [&hellip;]<\/p>\n","protected":false},"author":1,"featured_media":631,"comment_status":"open","ping_status":"open","sticky":false,"template":"","format":"standard","meta":[],"categories":[21,24,1,26],"tags":[],"_links":{"self":[{"href":"http:\/\/www.motorbike.com.tr\/index.php?rest_route=\/wp\/v2\/posts\/630"}],"collection":[{"href":"http:\/\/www.motorbike.com.tr\/index.php?rest_route=\/wp\/v2\/posts"}],"about":[{"href":"http:\/\/www.motorbike.com.tr\/index.php?rest_route=\/wp\/v2\/types\/post"}],"author":[{"embeddable":true,"href":"http:\/\/www.motorbike.com.tr\/index.php?rest_route=\/wp\/v2\/users\/1"}],"replies":[{"embeddable":true,"href":"http:\/\/www.motorbike.com.tr\/index.php?rest_route=%2Fwp%2Fv2%2Fcomments&post=630"}],"version-history":[{"count":1,"href":"http:\/\/www.motorbike.com.tr\/index.php?rest_route=\/wp\/v2\/posts\/630\/revisions"}],"predecessor-version":[{"id":632,"href":"http:\/\/www.motorbike.com.tr\/index.php?rest_route=\/wp\/v2\/posts\/630\/revisions\/632"}],"wp:featuredmedia":[{"embeddable":true,"href":"http:\/\/www.motorbike.com.tr\/index.php?rest_route=\/wp\/v2\/media\/631"}],"wp:attachment":[{"href":"http:\/\/www.motorbike.com.tr\/index.php?rest_route=%2Fwp%2Fv2%2Fmedia&parent=630"}],"wp:term":[{"taxonomy":"category","embeddable":true,"href":"http:\/\/www.motorbike.com.tr\/index.php?rest_route=%2Fwp%2Fv2%2Fcategories&post=630"},{"taxonomy":"post_tag","embeddable":true,"href":"http:\/\/www.motorbike.com.tr\/index.php?rest_route=%2Fwp%2Fv2%2Ftags&post=630"}],"curies":[{"name":"wp","href":"https:\/\/api.w.org\/{rel}","templated":true}]}}